[{"@context":"https:\/\/schema.org\/","@type":"Article","@id":"https:\/\/www.inma.cz\/proc-volit-jako-dopravni-prostredek-elektrokolo\/#Article","mainEntityOfPage":"https:\/\/www.inma.cz\/proc-volit-jako-dopravni-prostredek-elektrokolo\/","headline":"Pro\u010d volit jako dopravn\u00ed prost\u0159edek elektrokolo?","name":"Pro\u010d volit jako dopravn\u00ed prost\u0159edek elektrokolo?","description":"L\u00e9to pomalu kon\u010d\u00ed a s\u00a0n\u00edm kon\u010d\u00ed i kr\u00e1sn\u00e9 tepl\u00e9 letn\u00ed dny, kter\u00e9 jsme mohli tr\u00e1vit proch\u00e1zen\u00edm ruku v\u00a0ruce spolu s\u00a0p\u0159\u00edtelem \u010di p\u0159\u00edtelkyn\u00ed. Pokud jste odp\u016frci ch\u016fze a m\u00e1te rad\u011bji rychlej\u0161\u00ed pohyb, p\u0159i kter\u00e9m mus\u00edte ale zapojit vlastn\u00ed svaly, jako nap\u0159\u00edklad cykloturistiku, m\u00e1me pro v\u00e1s p\u00e1r dobr\u00fdch tip\u016f pro v\u00fdb\u011br kola, resp. elektrokola. Elektrokola se stala.","datePublished":"2019-09-11","dateModified":"2023-05-02","author":{"@type":"Person","@id":"https:\/\/www.inma.cz\/author\/#Person","name":"","url":"https:\/\/www.inma.cz\/author\/","identifier":1,"image":{"@type":"ImageObject","@id":"https:\/\/secure.gravatar.com\/avatar\/40308b9402d145b1dc164f447b6506e9dadca8c8362c3ffb52df95e789c0fd10?s=96&d=mm&r=g","url":"https:\/\/secure.gravatar.com\/avatar\/40308b9402d145b1dc164f447b6506e9dadca8c8362c3ffb52df95e789c0fd10?s=96&d=mm&r=g","height":96,"width":96}},"publisher":{"@type":"Organization","name":"inma.cz","logo":{"@type":"ImageObject","@id":"\/logo.png","url":"\/logo.png","width":600,"height":60}},"image":{"@type":"ImageObject","@id":"https:\/\/www.inma.cz\/wp-content\/uploads\/img_a355084_w3040_t1569509645.jpg","url":"https:\/\/www.inma.cz\/wp-content\/uploads\/img_a355084_w3040_t1569509645.jpg","height":0,"width":0},"url":"https:\/\/www.inma.cz\/proc-volit-jako-dopravni-prostredek-elektrokolo\/","about":["Elektro"],"wordCount":434,"articleBody":"L\u00e9to pomalu kon\u010d\u00ed a s\u00a0n\u00edm kon\u010d\u00ed i kr\u00e1sn\u00e9 tepl\u00e9 letn\u00ed dny, kter\u00e9 jsme mohli tr\u00e1vit proch\u00e1zen\u00edm ruku v\u00a0ruce spolu s\u00a0p\u0159\u00edtelem \u010di p\u0159\u00edtelkyn\u00ed. Pokud jste odp\u016frci ch\u016fze a m\u00e1te rad\u011bji rychlej\u0161\u00ed pohyb, p\u0159i kter\u00e9m mus\u00edte ale zapojit vlastn\u00ed svaly, jako nap\u0159\u00edklad cykloturistiku, m\u00e1me pro v\u00e1s p\u00e1r dobr\u00fdch tip\u016f pro v\u00fdb\u011br kola, resp. elektrokola.Elektrokola se stala fenom\u00e9nem dne\u0161n\u00ed doby. Od po\u010d\u00e1tku se jejich v\u00fdroba rapidn\u011b zm\u011bnila a m\u011bn\u00ed se neust\u00e1le. Nav\u00edc s\u00a0podzimem m\u016f\u017eete nal\u00e9zt v\u00fdhodn\u00e9 slevov\u00e9 nab\u00eddky, jeliko\u017e v\u00fdrobci p\u0159ipravuj\u00ed nov\u00e9 vylep\u0161en\u00e9 typy elektrokol na dal\u0161\u00ed nov\u00fd rok.Nad e-koly mnoz\u00ed ohrnovali nos, ale \u010dasem n\u011bkte\u0159\u00ed zjistili, \u017ee to nen\u00ed a\u017e tak \u0161patn\u00e1 zm\u011bna. Zvl\u00e1\u0161t\u011b, tr\u00e1p\u00ed-li je ur\u010dit\u00e9 zdravotn\u00ed pot\u00ed\u017ee, k\u00a0jak\u00fdm ji\u017e lze p\u0159ipojit i nadv\u00e1hu, kterou m\u016f\u017ee prov\u00e1zet i zt\u00ed\u017een\u00e9 d\u00fdch\u00e1n\u00ed, zvl\u00e1\u0161t\u011b p\u0159i j\u00edzd\u011b do kopce. Elektrokolo si p\u0159i j\u00edzd\u011b do kopce dob\u0159e porad\u00ed i s nadv\u00e1hou a t\u00edm p\u00e1dem zhor\u0161en\u00fdm d\u00fdch\u00e1n\u00edm. P\u0159i j\u00edzd\u011b na elektrokole se u\u017e se nebudete nezm\u011brn\u011b potit, rudnout a vzdychat. Ale, co naplat \u2013 \u0161lapat mus\u00edte st\u00e1le. Motor v\u00e1m pouze pom\u016f\u017ee v\u00a0tom, \u017ee budete sice \u0161lapat na ped\u00e1ly, ale nikoliv zt\u011b\u017eka, jak to b\u00fdv\u00e1 zvykem u \u201enorm\u00e1ln\u00edho\u201c kola, n\u00fdbr\u017e pojedete kr\u00e1sn\u011b zlehka tak, jak si navol\u00edte pomoc motoru.Zap\u0159is\u00e1hl\u00ed odp\u016frci elektrokol nad va\u0161\u00edm prohl\u00e1\u0161en\u00edm, \u017ee jste na v\u00fdlet\u011b ujeli 70 kilometr\u016f, jen m\u00e1vnou rukou \u2013 to se ti to jezd\u00ed na elektru! A nikdo z\u00a0nich u\u017e ne\u0159e\u0161\u00ed, \u017ee cel\u00fd v\u00fdlet po\u0159\u00e1d \u0161lapete, stejn\u011b jako oni. Pomoc motoru si m\u016f\u017eete zvolit anebo tak\u00e9 nemus\u00edte. Tak\u017ee fyzi\u010dku si tr\u00e9nujete tak jako tak.Koupi elektrokola d\u016fkladn\u011b zva\u017ete, dejte na doporu\u010den\u00ed zn\u00e1m\u00fdch, sledujte recenze obchod\u016f a nechte si poradit odborn\u00edky. Nemus\u00edte m\u00edt elektrokolo v\u00e1\u017e\u00edc\u00ed 25 kilo, ale i o deset kilo leh\u010d\u00ed. M\u016f\u017eete si i vyb\u00edrat displeje. Na t\u011bch d\u0159\u00edv\u011bj\u0161\u00edch mnohdy chyb\u00ed \u010das nebo po\u010d\u00edta\u010d sp\u00e1len\u00fdch kalori\u00ed. Pohl\u00eddejte si, aby kolo m\u011blo \u201easistenta ch\u016fze\u201c. N\u011bkdy kolo m\u016f\u017eete do strm\u00e9ho kopce i tla\u010dit, pak asistenta docen\u00edte.                                                                                                                                                                                                                                                                                                                                                                                        4.5\/5 - (6 votes)        "},{"@context":"https:\/\/schema.org\/","@type":"BreadcrumbList","itemListElement":[{"@type":"ListItem","position":1,"name":"Pro\u010d volit jako dopravn\u00ed prost\u0159edek elektrokolo?","item":"https:\/\/www.inma.cz\/proc-volit-jako-dopravni-prostredek-elektrokolo\/#breadcrumbitem"}]}]