[{"@context":"https:\/\/schema.org\/","@type":"Article","@id":"https:\/\/www.inma.cz\/princezna-nebo-popelka\/#Article","mainEntityOfPage":"https:\/\/www.inma.cz\/princezna-nebo-popelka\/","headline":"Princezna nebo Popelka?","name":"Princezna nebo Popelka?","description":"Ka\u017ed\u00e1 \u017eena chce b\u00fdt kr\u00e1sn\u00e1. Chceme m\u00edt kr\u00e1sn\u00e9 t\u011blo, kr\u00e1sn\u00e9 vlasy, kr\u00e1sn\u00e9 o\u010di. Tou\u017e\u00edme po kr\u00e1se, i kdy\u017e v\u00edme, \u017ee je pom\u00edjiv\u00e1. Je to touha, kterou m\u00e1me zako\u0159en\u011bnou hluboko v sob\u011b a kter\u00e1 se n\u00e1m p\u0159ipomene p\u0159i ka\u017ed\u00e9m pohledu do zrcadla. Mu\u017ei jsou p\u0159esv\u011bd\u010deni, \u017ee \u017eena tou\u017e\u00ed po kr\u00e1se jen proto, aby se jim l\u00edbila..","datePublished":"2022-02-28","dateModified":"2023-05-02","author":{"@type":"Person","@id":"https:\/\/www.inma.cz\/author\/#Person","name":"","url":"https:\/\/www.inma.cz\/author\/","identifier":1,"image":{"@type":"ImageObject","@id":"https:\/\/secure.gravatar.com\/avatar\/40308b9402d145b1dc164f447b6506e9dadca8c8362c3ffb52df95e789c0fd10?s=96&d=mm&r=g","url":"https:\/\/secure.gravatar.com\/avatar\/40308b9402d145b1dc164f447b6506e9dadca8c8362c3ffb52df95e789c0fd10?s=96&d=mm&r=g","height":96,"width":96}},"publisher":{"@type":"Organization","name":"inma.cz","logo":{"@type":"ImageObject","@id":"\/logo.png","url":"\/logo.png","width":600,"height":60}},"image":{"@type":"ImageObject","@id":"https:\/\/www.inma.cz\/wp-content\/uploads\/female-gfb3b4fa12_640.jpg","url":"https:\/\/www.inma.cz\/wp-content\/uploads\/female-gfb3b4fa12_640.jpg","height":0,"width":0},"url":"https:\/\/www.inma.cz\/princezna-nebo-popelka\/","about":["Podnik\u00e1n\u00ed"],"wordCount":529,"articleBody":"    Ka\u017ed\u00e1 \u017eena chce b\u00fdt kr\u00e1sn\u00e1. Chceme m\u00edt kr\u00e1sn\u00e9 t\u011blo, kr\u00e1sn\u00e9 vlasy, kr\u00e1sn\u00e9 o\u010di. Tou\u017e\u00edme po kr\u00e1se, i kdy\u017e v\u00edme, \u017ee je pom\u00edjiv\u00e1. Je to touha, kterou m\u00e1me zako\u0159en\u011bnou hluboko v sob\u011b a kter\u00e1 se n\u00e1m p\u0159ipomene p\u0159i ka\u017ed\u00e9m pohledu do zrcadla. Mu\u017ei jsou p\u0159esv\u011bd\u010deni, \u017ee \u017eena tou\u017e\u00ed po kr\u00e1se jen proto, aby se jim l\u00edbila. Omyl mu\u017esk\u00e9ho ega. \u017dena chce b\u00fdt kr\u00e1sn\u00e1 pro sebe, pro sv\u00e9 sebev\u011bdom\u00ed, pro svou spokojenost. Chce se pod\u00edvat do zrcadla a \u0159\u00edci: \u201eJo, to jsem j\u00e1. Tak chci vypadat, a kdy\u017e budu takhle vypadat, tak budu v pohod\u011b.\u201c A obdiv mu\u017e\u016f je jen t\u0159e\u0161ni\u010dka na dortu, kter\u00e1 ten dort nevytv\u00e1\u0159\u00ed, ale d\u00e1v\u00e1 mu z\u00e1v\u011bre\u010dnou te\u010dku. \u0158\u00edk\u00e1 n\u00e1m, \u017ee tak je to spr\u00e1vn\u00e9.Kr\u00e1su \u017eeny podtrhuj\u00ed r\u016fzn\u00e9 dopl\u0148ky. Jsou to \u0161perky, \u0161\u00e1tky, klobouky a zejm\u00e9na \u0161aty. \u0160aty jsou pojem, kter\u00fd je velice ob\u0161\u00edrn\u00fd a d\u011bl\u00edme jej podle r\u016fzn\u00fdch krit\u00e9ri\u00ed. Podle barev, velikost\u00ed, typ\u016f, styl\u016f a podle p\u0159\u00edle\u017eitost\u00ed. Pro ka\u017edodenn\u00ed no\u0161en\u00ed vyb\u00edr\u00e1me \u0161aty, v kter\u00fdch si stoupneme p\u0159ed zrcadlo a pomysl\u00edme si:\u201c Jo, jsem p\u011bkn\u00e1, nebo, slu\u0161\u00ed mi to, m\u016f\u017eu j\u00edt mezi lidi\u201c. Ale p\u0159i zvl\u00e1\u0161tn\u00edch p\u0159\u00edle\u017eitostech nem\u016f\u017eeme, nebo sp\u00ed\u0161e nechceme j\u00edt v tomto oble\u010den\u00ed. Chceme b\u00fdt velice kr\u00e1sn\u00e9, n\u011bkdy i nejkr\u00e1sn\u011bj\u0161\u00ed. Jedn\u00e1 se o plesy, svatby, maturity a jin\u00e9 slavnostn\u00ed okam\u017eiky ve va\u0161em \u017eivot\u011b. Pro tyto sv\u00e1te\u010dn\u00ed chv\u00edle m\u00e1me pot\u0159ebu m\u00edt i v\u00fdjime\u010dn\u00e9 \u0161aty. A mus\u00edme se po nich poohl\u00e9dnout. N\u011bkdy nen\u00ed pot\u0159eba \u0161aty kupovat, sta\u010d\u00ed si je zap\u016fj\u010dit. P\u0159iznejme si, \u017ee v\u00fdjime\u010dn\u00e9 \u0161aty na v\u00fdjime\u010dnou ud\u00e1lost v\u011bt\u0161inou nechceme pou\u017e\u00edt op\u011btovn\u011b. Nebo si d\u00e1t \u0161aty u\u0161\u00edt na m\u00edru? Takov\u00e9, kter\u00e9 nem\u00e1 \u017e\u00e1dn\u00e1 druh\u00e1? Co je lep\u0161\u00ed? A co by mi slu\u0161elo? Hod\u00ed se to pro mne? Hod\u00ed se to pro tuto p\u0159\u00edle\u017eitost?A te\u010f by m\u011bla p\u0159ij\u00edt na pomoc rada odborn\u00edka. A my v\u00edme, na koho se obr\u00e1tit. Firma Zoryana Stekhnovych \u2013 Paris, kter\u00e1 s\u00eddl\u00ed v Praze, v\u00e1m se sv\u00fdm t\u00fdmem stylist\u016f a viz\u00e1\u017eist\u016f velmi ochotn\u011b porad\u00ed a nab\u00eddne v\u00e1m sv\u00e9 slu\u017eby. V jejich p\u016fj\u010dovn\u011b spole\u010densk\u00fdch \u0161at\u016f si m\u016f\u017eete koupit nebo zap\u016fj\u010dit kr\u00e1sn\u00e9 spole\u010densk\u00e9 a svatebn\u00ed \u0161aty, kter\u00e9 jsou velmi elegantn\u00ed a zaujmou v\u00e1s sv\u00fdm francouzsk\u00fdm \u0161armem. Ka\u017ed\u00fd rok p\u0159ich\u00e1z\u00ed s novou kolekc\u00ed, kterou si sami vyr\u00e1b\u00ed. Firma nab\u00edz\u00ed tak\u00e9 u\u0161it\u00ed svatebn\u00edch \u0161at\u016f na m\u00edru, sna\u017e\u00ed se prom\u011bnit va\u0161e sny a p\u0159edstavy ve skute\u010dnost. D\u00edky sv\u00e9 profesionalit\u011b z\u00edskala ocen\u011bn\u00ed \u201eSvatebn\u00ed \u0161aty roku\u201c.                                                                                                                                                                                                                                                                                                                                                                                          4\/5 - (12 votes)        "},{"@context":"https:\/\/schema.org\/","@type":"BreadcrumbList","itemListElement":[{"@type":"ListItem","position":1,"name":"Princezna nebo Popelka?","item":"https:\/\/www.inma.cz\/princezna-nebo-popelka\/#breadcrumbitem"}]}]