[{"@context":"https:\/\/schema.org\/","@type":"Blog","@id":"https:\/\/www.inma.cz#Blog","headline":"Inma","description":"\nJe-li v\u00e1m t\u011b\u017eko na du\u0161i, nehledejte l\u00e9k marn\u011b n\u011bkde v n\u011bjak\u00e9 l\u00e9k\u00e1rn\u011b \u010di u l\u00e9\u010ditele. Tento je dostupn\u00fd \u2013 a to bez doplatk\u016f \u2013 pr\u00e1v\u011b na na\u0161em webu.","url":"https:\/\/www.inma.cz","hasPart":[{"@type":"Article","@id":"https:\/\/www.inma.cz\/nejlepsi-je-pujcka-strizena-zadateli-na-miru\/","headline":"Nejlep\u0161\u00ed je p\u016fj\u010dka st\u0159i\u017een\u00e1 \u017eadateli na m\u00edru!","url":"https:\/\/www.inma.cz\/nejlepsi-je-pujcka-strizena-zadateli-na-miru\/","datePublished":"2019-09-14","dateModified":"2023-05-02","mainEntityOfPage":"https:\/\/www.inma.cz\/nejlepsi-je-pujcka-strizena-zadateli-na-miru\/","author":{"@type":"Person","@id":"https:\/\/www.inma.cz\/author\/#Person","name":"","url":"https:\/\/www.inma.cz\/author\/","identifier":1,"image":{"@type":"ImageObject","@id":"https:\/\/secure.gravatar.com\/avatar\/40308b9402d145b1dc164f447b6506e9dadca8c8362c3ffb52df95e789c0fd10?s=96&d=mm&r=g","url":"https:\/\/secure.gravatar.com\/avatar\/40308b9402d145b1dc164f447b6506e9dadca8c8362c3ffb52df95e789c0fd10?s=96&d=mm&r=g","height":96,"width":96}},"publisher":{"@type":"Organization","name":"inma.cz","logo":{"@type":"ImageObject","@id":"\/logo.png","url":"\/logo.png","width":600,"height":60}},"image":{"@type":"ImageObject","@id":"https:\/\/www.inma.cz\/wp-content\/uploads\/img_a343749_w2600_t1557133641.jpg","url":"https:\/\/www.inma.cz\/wp-content\/uploads\/img_a343749_w2600_t1557133641.jpg","height":0,"width":0},"wordCount":554,"keywords":null},{"@type":"Article","@id":"https:\/\/www.inma.cz\/proc-volit-jako-dopravni-prostredek-elektrokolo\/","headline":"Pro\u010d volit jako dopravn\u00ed prost\u0159edek elektrokolo?","url":"https:\/\/www.inma.cz\/proc-volit-jako-dopravni-prostredek-elektrokolo\/","datePublished":"2019-09-11","dateModified":"2023-05-02","mainEntityOfPage":"https:\/\/www.inma.cz\/proc-volit-jako-dopravni-prostredek-elektrokolo\/","author":{"@type":"Person","@id":"https:\/\/www.inma.cz\/author\/#Person","name":"","url":"https:\/\/www.inma.cz\/author\/","identifier":1,"image":{"@type":"ImageObject","@id":"https:\/\/secure.gravatar.com\/avatar\/40308b9402d145b1dc164f447b6506e9dadca8c8362c3ffb52df95e789c0fd10?s=96&d=mm&r=g","url":"https:\/\/secure.gravatar.com\/avatar\/40308b9402d145b1dc164f447b6506e9dadca8c8362c3ffb52df95e789c0fd10?s=96&d=mm&r=g","height":96,"width":96}},"publisher":{"@type":"Organization","name":"inma.cz","logo":{"@type":"ImageObject","@id":"\/logo.png","url":"\/logo.png","width":600,"height":60}},"image":{"@type":"ImageObject","@id":"https:\/\/www.inma.cz\/wp-content\/uploads\/img_a355084_w3040_t1569509645.jpg","url":"https:\/\/www.inma.cz\/wp-content\/uploads\/img_a355084_w3040_t1569509645.jpg","height":0,"width":0},"wordCount":514,"keywords":null},{"@type":"Article","@id":"https:\/\/www.inma.cz\/sedm-mist-ktere-si-nesmite-nechat-ujit-v-kanade\/","headline":"Sedm m\u00edst, kter\u00e9 si nesm\u00edte nechat uj\u00edt v Kanad\u011b!","url":"https:\/\/www.inma.cz\/sedm-mist-ktere-si-nesmite-nechat-ujit-v-kanade\/","datePublished":"2019-09-04","dateModified":"2023-05-02","mainEntityOfPage":"https:\/\/www.inma.cz\/sedm-mist-ktere-si-nesmite-nechat-ujit-v-kanade\/","author":{"@type":"Person","@id":"https:\/\/www.inma.cz\/author\/#Person","name":"","url":"https:\/\/www.inma.cz\/author\/","identifier":1,"image":{"@type":"ImageObject","@id":"https:\/\/secure.gravatar.com\/avatar\/40308b9402d145b1dc164f447b6506e9dadca8c8362c3ffb52df95e789c0fd10?s=96&d=mm&r=g","url":"https:\/\/secure.gravatar.com\/avatar\/40308b9402d145b1dc164f447b6506e9dadca8c8362c3ffb52df95e789c0fd10?s=96&d=mm&r=g","height":96,"width":96}},"publisher":{"@type":"Organization","name":"inma.cz","logo":{"@type":"ImageObject","@id":"\/logo.png","url":"\/logo.png","width":600,"height":60}},"image":{"@type":"ImageObject","@id":"https:\/\/www.inma.cz\/wp-content\/uploads\/img_a346227_w2938_t1560161631.jpg","url":"https:\/\/www.inma.cz\/wp-content\/uploads\/img_a346227_w2938_t1560161631.jpg","height":0,"width":0},"wordCount":4581,"keywords":null},{"@type":"Article","@id":"https:\/\/www.inma.cz\/minimalismus-v-byte-vam-pomuze-lepe-relaxovat\/","headline":"Minimalismus v byt\u011b v\u00e1m pom\u016f\u017ee l\u00e9pe relaxovat","url":"https:\/\/www.inma.cz\/minimalismus-v-byte-vam-pomuze-lepe-relaxovat\/","datePublished":"2019-09-04","dateModified":"2023-05-02","mainEntityOfPage":"https:\/\/www.inma.cz\/minimalismus-v-byte-vam-pomuze-lepe-relaxovat\/","author":{"@type":"Person","@id":"https:\/\/www.inma.cz\/author\/#Person","name":"","url":"https:\/\/www.inma.cz\/author\/","identifier":1,"image":{"@type":"ImageObject","@id":"https:\/\/secure.gravatar.com\/avatar\/40308b9402d145b1dc164f447b6506e9dadca8c8362c3ffb52df95e789c0fd10?s=96&d=mm&r=g","url":"https:\/\/secure.gravatar.com\/avatar\/40308b9402d145b1dc164f447b6506e9dadca8c8362c3ffb52df95e789c0fd10?s=96&d=mm&r=g","height":96,"width":96}},"publisher":{"@type":"Organization","name":"inma.cz","logo":{"@type":"ImageObject","@id":"\/logo.png","url":"\/logo.png","width":600,"height":60}},"image":{"@type":"ImageObject","@id":"https:\/\/www.inma.cz\/wp-content\/uploads\/img_a356842_w3040_t1571465137.jpg","url":"https:\/\/www.inma.cz\/wp-content\/uploads\/img_a356842_w3040_t1571465137.jpg","height":0,"width":0},"wordCount":835,"keywords":null},{"@type":"Article","@id":"https:\/\/www.inma.cz\/nekolik-duvodu-proc-chodit-do-cajovny\/","headline":"N\u011bkolik d\u016fvod\u016f, pro\u010d chodit do \u010dajovny","url":"https:\/\/www.inma.cz\/nekolik-duvodu-proc-chodit-do-cajovny\/","datePublished":"2019-08-14","dateModified":"2023-05-02","mainEntityOfPage":"https:\/\/www.inma.cz\/nekolik-duvodu-proc-chodit-do-cajovny\/","author":{"@type":"Person","@id":"https:\/\/www.inma.cz\/author\/#Person","name":"","url":"https:\/\/www.inma.cz\/author\/","identifier":1,"image":{"@type":"ImageObject","@id":"https:\/\/secure.gravatar.com\/avatar\/40308b9402d145b1dc164f447b6506e9dadca8c8362c3ffb52df95e789c0fd10?s=96&d=mm&r=g","url":"https:\/\/secure.gravatar.com\/avatar\/40308b9402d145b1dc164f447b6506e9dadca8c8362c3ffb52df95e789c0fd10?s=96&d=mm&r=g","height":96,"width":96}},"publisher":{"@type":"Organization","name":"inma.cz","logo":{"@type":"ImageObject","@id":"\/logo.png","url":"\/logo.png","width":600,"height":60}},"image":{"@type":"ImageObject","@id":"https:\/\/www.inma.cz\/wp-content\/uploads\/img_a352501_w3040_t1566995561.jpg","url":"https:\/\/www.inma.cz\/wp-content\/uploads\/img_a352501_w3040_t1566995561.jpg","height":0,"width":0},"wordCount":4535,"keywords":null},{"@type":"Article","@id":"https:\/\/www.inma.cz\/velikost-mobilniho-telefonu-jaka-je-pro-vas-idealni\/","headline":"Velikost mobiln\u00edho telefonu: jak\u00e1 je pro v\u00e1s ide\u00e1ln\u00ed?","url":"https:\/\/www.inma.cz\/velikost-mobilniho-telefonu-jaka-je-pro-vas-idealni\/","datePublished":"2019-08-14","dateModified":"2023-05-02","mainEntityOfPage":"https:\/\/www.inma.cz\/velikost-mobilniho-telefonu-jaka-je-pro-vas-idealni\/","author":{"@type":"Person","@id":"https:\/\/www.inma.cz\/author\/#Person","name":"","url":"https:\/\/www.inma.cz\/author\/","identifier":1,"image":{"@type":"ImageObject","@id":"https:\/\/secure.gravatar.com\/avatar\/40308b9402d145b1dc164f447b6506e9dadca8c8362c3ffb52df95e789c0fd10?s=96&d=mm&r=g","url":"https:\/\/secure.gravatar.com\/avatar\/40308b9402d145b1dc164f447b6506e9dadca8c8362c3ffb52df95e789c0fd10?s=96&d=mm&r=g","height":96,"width":96}},"publisher":{"@type":"Organization","name":"inma.cz","logo":{"@type":"ImageObject","@id":"\/logo.png","url":"\/logo.png","width":600,"height":60}},"image":{"@type":"ImageObject","@id":"https:\/\/www.inma.cz\/wp-content\/uploads\/img_a351487_w2272_t1566061862.jpg","url":"https:\/\/www.inma.cz\/wp-content\/uploads\/img_a351487_w2272_t1566061862.jpg","height":0,"width":0},"wordCount":545,"keywords":null},{"@type":"Article","@id":"https:\/\/www.inma.cz\/zmena-adresy-se-vsim-vsudy-nemusi-byt-stresujici\/","headline":"Zm\u011bna adresy se v\u0161\u00edm v\u0161udy nemus\u00ed b\u00fdt stresuj\u00edc\u00ed","url":"https:\/\/www.inma.cz\/zmena-adresy-se-vsim-vsudy-nemusi-byt-stresujici\/","datePublished":"2019-08-13","dateModified":"2023-05-02","mainEntityOfPage":"https:\/\/www.inma.cz\/zmena-adresy-se-vsim-vsudy-nemusi-byt-stresujici\/","author":{"@type":"Person","@id":"https:\/\/www.inma.cz\/author\/#Person","name":"","url":"https:\/\/www.inma.cz\/author\/","identifier":1,"image":{"@type":"ImageObject","@id":"https:\/\/secure.gravatar.com\/avatar\/40308b9402d145b1dc164f447b6506e9dadca8c8362c3ffb52df95e789c0fd10?s=96&d=mm&r=g","url":"https:\/\/secure.gravatar.com\/avatar\/40308b9402d145b1dc164f447b6506e9dadca8c8362c3ffb52df95e789c0fd10?s=96&d=mm&r=g","height":96,"width":96}},"publisher":{"@type":"Organization","name":"inma.cz","logo":{"@type":"ImageObject","@id":"\/logo.png","url":"\/logo.png","width":600,"height":60}},"image":{"@type":"ImageObject","@id":"https:\/\/www.inma.cz\/wp-content\/uploads\/img_a363998_w1936_t1576741819.jpg","url":"https:\/\/www.inma.cz\/wp-content\/uploads\/img_a363998_w1936_t1576741819.jpg","height":0,"width":0},"wordCount":552,"keywords":null},{"@type":"Article","@id":"https:\/\/www.inma.cz\/dum-a-zahrada\/","headline":"D\u016fm a zahrada","url":"https:\/\/www.inma.cz\/dum-a-zahrada\/","datePublished":"2019-08-02","dateModified":"2023-05-02","mainEntityOfPage":"https:\/\/www.inma.cz\/dum-a-zahrada\/","author":{"@type":"Person","@id":"https:\/\/www.inma.cz\/author\/#Person","name":"","url":"https:\/\/www.inma.cz\/author\/","identifier":1,"image":{"@type":"ImageObject","@id":"https:\/\/secure.gravatar.com\/avatar\/40308b9402d145b1dc164f447b6506e9dadca8c8362c3ffb52df95e789c0fd10?s=96&d=mm&r=g","url":"https:\/\/secure.gravatar.com\/avatar\/40308b9402d145b1dc164f447b6506e9dadca8c8362c3ffb52df95e789c0fd10?s=96&d=mm&r=g","height":96,"width":96}},"publisher":{"@type":"Organization","name":"inma.cz","logo":{"@type":"ImageObject","@id":"\/logo.png","url":"\/logo.png","width":600,"height":60}},"image":{"@type":"ImageObject","@id":"https:\/\/www.inma.cz\/wp-content\/uploads\/img_a352989_w3319_t1567272699.jpg","url":"https:\/\/www.inma.cz\/wp-content\/uploads\/img_a352989_w3319_t1567272699.jpg","height":0,"width":0},"wordCount":4443,"keywords":null},{"@type":"Article","@id":"https:\/\/www.inma.cz\/proc-je-google-assistant-lepsi-nez-siri\/","headline":"Pro\u010d je Google assistant lep\u0161\u00ed ne\u017e Siri?","url":"https:\/\/www.inma.cz\/proc-je-google-assistant-lepsi-nez-siri\/","datePublished":"2019-06-19","dateModified":"2023-05-02","mainEntityOfPage":"https:\/\/www.inma.cz\/proc-je-google-assistant-lepsi-nez-siri\/","author":{"@type":"Person","@id":"https:\/\/www.inma.cz\/author\/#Person","name":"","url":"https:\/\/www.inma.cz\/author\/","identifier":1,"image":{"@type":"ImageObject","@id":"https:\/\/secure.gravatar.com\/avatar\/40308b9402d145b1dc164f447b6506e9dadca8c8362c3ffb52df95e789c0fd10?s=96&d=mm&r=g","url":"https:\/\/secure.gravatar.com\/avatar\/40308b9402d145b1dc164f447b6506e9dadca8c8362c3ffb52df95e789c0fd10?s=96&d=mm&r=g","height":96,"width":96}},"publisher":{"@type":"Organization","name":"inma.cz","logo":{"@type":"ImageObject","@id":"\/logo.png","url":"\/logo.png","width":600,"height":60}},"image":{"@type":"ImageObject","@id":"https:\/\/www.inma.cz\/wp-content\/uploads\/img_a346742_w2573_t1561029728.jpg","url":"https:\/\/www.inma.cz\/wp-content\/uploads\/img_a346742_w2573_t1561029728.jpg","height":0,"width":0},"wordCount":473,"keywords":null},{"@type":"Article","@id":"https:\/\/www.inma.cz\/koupani\/","headline":"Koup\u00e1n\u00ed","url":"https:\/\/www.inma.cz\/koupani\/","datePublished":"2019-06-12","dateModified":"2023-05-02","mainEntityOfPage":"https:\/\/www.inma.cz\/koupani\/","author":{"@type":"Person","@id":"https:\/\/www.inma.cz\/author\/#Person","name":"","url":"https:\/\/www.inma.cz\/author\/","identifier":1,"image":{"@type":"ImageObject","@id":"https:\/\/secure.gravatar.com\/avatar\/40308b9402d145b1dc164f447b6506e9dadca8c8362c3ffb52df95e789c0fd10?s=96&d=mm&r=g","url":"https:\/\/secure.gravatar.com\/avatar\/40308b9402d145b1dc164f447b6506e9dadca8c8362c3ffb52df95e789c0fd10?s=96&d=mm&r=g","height":96,"width":96}},"publisher":{"@type":"Organization","name":"inma.cz","logo":{"@type":"ImageObject","@id":"\/logo.png","url":"\/logo.png","width":600,"height":60}},"image":{"@type":"ImageObject","@id":"https:\/\/www.inma.cz\/wp-content\/uploads\/img_a348764_w1981_t1563639064.jpg","url":"https:\/\/www.inma.cz\/wp-content\/uploads\/img_a348764_w1981_t1563639064.jpg","height":0,"width":0},"wordCount":521,"keywords":null}]},{"@context":"https:\/\/schema.org","@type":"WebSite","@id":"https:\/\/www.inma.cz\/#website","name":"Inma","url":"https:\/\/www.inma.cz","potentialAction":{"@type":"SearchAction","target":"https:\/\/www.inma.cz\/?s={search_term_string}","query-input":"required name=search_term_string"}}]