[{"@context":"https:\/\/schema.org\/","@type":"Article","@id":"https:\/\/www.inma.cz\/idealni-i-pro-vas-dum\/#Article","mainEntityOfPage":"https:\/\/www.inma.cz\/idealni-i-pro-vas-dum\/","headline":"Ide\u00e1ln\u00ed i pro v\u00e1\u0161 d\u016fm","name":"Ide\u00e1ln\u00ed i pro v\u00e1\u0161 d\u016fm","description":"P\u0159em\u00fd\u0161l\u00edte nad t\u00edm jak\u00fd d\u016fm si nech\u00e1te postavit? Pokud nem\u00e1te dostate\u010dn\u011b velkou parcelu na vedou zahradu a bungalov, budete si muset postavit patrov\u00fd d\u016fm, kter\u00fd v\u00e1m umo\u017en\u00ed ponechat si v\u011bt\u0161\u00ed kus pozemku pro p\u011bstov\u00e1n\u00ed kv\u011btin, ovoce, zeleniny i pro odpo\u010dinek. Dostate\u010dn\u011b velk\u00e1 zahrada se v dne\u0161n\u00ed dob\u011b hod\u00ed, proto\u017ee p\u011bstov\u00e1n\u00edm ovoce a zeleniny u\u0161et\u0159\u00edte nemal\u00e9.","datePublished":"2023-12-29","dateModified":"2023-12-29","author":{"@type":"Person","@id":"https:\/\/www.inma.cz\/author\/#Person","name":"","url":"https:\/\/www.inma.cz\/author\/","identifier":1,"image":{"@type":"ImageObject","@id":"https:\/\/secure.gravatar.com\/avatar\/40308b9402d145b1dc164f447b6506e9dadca8c8362c3ffb52df95e789c0fd10?s=96&d=mm&r=g","url":"https:\/\/secure.gravatar.com\/avatar\/40308b9402d145b1dc164f447b6506e9dadca8c8362c3ffb52df95e789c0fd10?s=96&d=mm&r=g","height":96,"width":96}},"publisher":{"@type":"Organization","name":"inma.cz","logo":{"@type":"ImageObject","@id":"\/logo.png","url":"\/logo.png","width":600,"height":60}},"image":{"@type":"ImageObject","@id":"https:\/\/www.inma.cz\/wp-content\/uploads\/pexels-jorgearturo-andrade-921025(1).jpg","url":"https:\/\/www.inma.cz\/wp-content\/uploads\/pexels-jorgearturo-andrade-921025(1).jpg","height":0,"width":0},"url":"https:\/\/www.inma.cz\/idealni-i-pro-vas-dum\/","about":["Podnik\u00e1n\u00ed"],"wordCount":400,"articleBody":"       P\u0159em\u00fd\u0161l\u00edte nad t\u00edm jak\u00fd d\u016fm si nech\u00e1te postavit? Pokud nem\u00e1te dostate\u010dn\u011b velkou parcelu na vedou zahradu a bungalov, budete si muset postavit patrov\u00fd d\u016fm, kter\u00fd v\u00e1m umo\u017en\u00ed ponechat si v\u011bt\u0161\u00ed kus pozemku pro p\u011bstov\u00e1n\u00ed kv\u011btin, ovoce, zeleniny i pro odpo\u010dinek. Dostate\u010dn\u011b velk\u00e1 zahrada se v dne\u0161n\u00ed dob\u011b hod\u00ed, proto\u017ee p\u011bstov\u00e1n\u00edm ovoce a zeleniny u\u0161et\u0159\u00edte nemal\u00e9 pen\u00edze. Proto pokud nechcete platit za nekvalitn\u00ed v\u00fdp\u011bstky ze zahrani\u010d\u00ed kter\u00e9 jsou i b\u011bhem sezony drah\u00e9, budete si muset alespo\u0148 n\u011bco p\u011bstovat sami.Patrov\u00e9 bydlen\u00ed je vhodn\u00e9 pro v\u0161echny, kte\u0159\u00ed se neboj\u00ed chodit do schod\u016f proto\u017ee jinak se do patra nedostanete. Existuje spousta schod\u016f, kter\u00e9 si dom\u016f m\u016f\u017eete po\u0159\u00eddit. V dne\u0161n\u00ed dob\u011b jsou modern\u00ed v\u00fdrazn\u00e1 a dominantn\u00ed schodi\u0161t\u011b, kter\u00e1 v\u00e1m poskytnou nejen bezpe\u010dn\u00fd pohyb nahoru, ale kter\u00e1 m\u016f\u017eete vyu\u017e\u00edt i jako m\u00edsto pro va\u0161e dekorace.V domech kter\u00e9 jsou koncipov\u00e1ny tak \u017ee v nich nen\u00ed m\u00edsto pro velk\u00e9 schodi\u0161t\u011b je nutn\u00e9 schody p\u0159izp\u016fsobit a nainstalovat men\u0161\u00ed schody. Pro tyto \u00fa\u010dely se skv\u011ble hod\u00ed nap\u0159\u00edklad to\u010dit\u00e9 schody, ale je mo\u017en\u00e9 vyzd\u00edt i zd\u011bn\u00e9 schody. Je ale pot\u0159eba vyu\u017e\u00edt pomoci odborn\u00edka, kter\u00fd v\u00e1m spo\u010d\u00edt\u00e1 jejich sklon a po\u010det n\u00e1\u0161lap\u016f. Schody mus\u00ed toti\u017e spl\u0148ovat spoustu bezpe\u010dnostn\u00edch p\u0159edpis\u016f.Ke schod\u016fm pot\u0159ebujete z\u00e1bradl\u00ed Aby bylo mo\u017en\u00e9 d\u016fm zkolaudovat a schody bezpe\u010dn\u011b pou\u017e\u00edvat, je pot\u0159eba na n\u011b instalovat i z\u00e1bradl\u00ed. Spousta lid\u00ed si vyb\u00edr\u00e1 modern\u00ed nerezov\u00e9 z\u00e1bradl\u00ed https:\/\/www.kmkdesign.cz\/zabradli-nerezova, kter\u00e9 se d\u00e1 zkombinovat t\u0159eba se sklem nebo d\u0159evem. Z\u00e1bradl\u00ed by m\u011blo b\u00fdt na obou stran\u00e1ch schod\u016f, aby se \u010dlov\u011bk mohl chytit kde pot\u0159ebuje. Z\u00e1le\u017e\u00ed na typu schod\u016f a podle toho se z\u00e1bradl\u00ed vyb\u00edr\u00e1. Krom\u011b z\u00e1bradl\u00ed na schody vyr\u00e1b\u00edme i z\u00e1bradl\u00ed na francouzsk\u00e1 okna, tak\u017ee pokud budete m\u00edt na dom\u011b tento typ oken, i na n\u011b v\u00e1m m\u016f\u017eeme z\u00e1bradl\u00ed vyrobit. Zaru\u010dujeme v\u00e1m rychlost v\u00fdroby i kvalitn\u00ed zpracov\u00e1n\u00ed. Prohl\u00e9dn\u011bte si na\u0161e fotografie a vyberte si.                                                                                                                                                                                                                                                                                                                                                                                          4.3\/5 - (3 votes)        "},{"@context":"https:\/\/schema.org\/","@type":"BreadcrumbList","itemListElement":[{"@type":"ListItem","position":1,"name":"Ide\u00e1ln\u00ed i pro v\u00e1\u0161 d\u016fm","item":"https:\/\/www.inma.cz\/idealni-i-pro-vas-dum\/#breadcrumbitem"}]}]