{"@context":"https:\/\/schema.org\/","@type":"CollectionPage","@id":"https:\/\/www.inma.cz\/dum-a-zahrada\/#CollectionPage","headline":"D\u016fm a zahrada Category","description":"","url":"https:\/\/www.inma.cz\/dum-a-zahrada\/","hasPart":[{"@type":"Article","@id":"https:\/\/www.inma.cz\/rady-jak-vybavit-obyvaci-pokoj-co-by-mu-melo-dominovat-a-co-muzete-ozelit\/","headline":"Rady, jak vybavit ob\u00fdvac\u00ed pokoj &#8211; Co by mu m\u011blo dominovat a co m\u016f\u017eete o\u017eelit?","url":"https:\/\/www.inma.cz\/rady-jak-vybavit-obyvaci-pokoj-co-by-mu-melo-dominovat-a-co-muzete-ozelit\/","datePublished":"2021-08-29","dateModified":"2023-08-17","mainEntityOfPage":"https:\/\/www.inma.cz\/rady-jak-vybavit-obyvaci-pokoj-co-by-mu-melo-dominovat-a-co-muzete-ozelit\/","author":{"@type":"Person","@id":"https:\/\/www.inma.cz\/author\/#Person","name":"","url":"https:\/\/www.inma.cz\/author\/","identifier":1,"image":{"@type":"ImageObject","@id":"https:\/\/secure.gravatar.com\/avatar\/40308b9402d145b1dc164f447b6506e9dadca8c8362c3ffb52df95e789c0fd10?s=96&d=mm&r=g","url":"https:\/\/secure.gravatar.com\/avatar\/40308b9402d145b1dc164f447b6506e9dadca8c8362c3ffb52df95e789c0fd10?s=96&d=mm&r=g","height":96,"width":96}},"publisher":{"@type":"Organization","name":"inma.cz","logo":{"@type":"ImageObject","@id":"\/logo.png","url":"\/logo.png","width":600,"height":60}},"image":{"@type":"ImageObject","@id":"https:\/\/www.inma.cz\/wp-content\/uploads\/pexels-photo-3952034_1.jpeg","url":"https:\/\/www.inma.cz\/wp-content\/uploads\/pexels-photo-3952034_1.jpeg","height":0,"width":0},"keywords":null},{"@type":"Article","@id":"https:\/\/www.inma.cz\/cenove-zajimave-bydleni-i-pro-rodinu\/","headline":"Cenov\u011b zaj\u00edmav\u00e9 bydlen\u00ed i pro rodinu","url":"https:\/\/www.inma.cz\/cenove-zajimave-bydleni-i-pro-rodinu\/","datePublished":"2021-06-16","dateModified":"2023-05-02","mainEntityOfPage":"https:\/\/www.inma.cz\/cenove-zajimave-bydleni-i-pro-rodinu\/","author":{"@type":"Person","@id":"https:\/\/www.inma.cz\/author\/#Person","name":"","url":"https:\/\/www.inma.cz\/author\/","identifier":1,"image":{"@type":"ImageObject","@id":"https:\/\/secure.gravatar.com\/avatar\/40308b9402d145b1dc164f447b6506e9dadca8c8362c3ffb52df95e789c0fd10?s=96&d=mm&r=g","url":"https:\/\/secure.gravatar.com\/avatar\/40308b9402d145b1dc164f447b6506e9dadca8c8362c3ffb52df95e789c0fd10?s=96&d=mm&r=g","height":96,"width":96}},"publisher":{"@type":"Organization","name":"inma.cz","logo":{"@type":"ImageObject","@id":"\/logo.png","url":"\/logo.png","width":600,"height":60}},"image":{"@type":"ImageObject","@id":"https:\/\/www.inma.cz\/wp-content\/uploads\/Domek_5.jpg","url":"https:\/\/www.inma.cz\/wp-content\/uploads\/Domek_5.jpg","height":0,"width":0},"keywords":null},{"@type":"Article","@id":"https:\/\/www.inma.cz\/stavebni-firmy-havlickuv-brod\/","headline":"Stavebn\u00ed firmy Havl\u00ed\u010dk\u016fv Brod","url":"https:\/\/www.inma.cz\/stavebni-firmy-havlickuv-brod\/","datePublished":"2021-01-17","dateModified":"2023-05-02","mainEntityOfPage":"https:\/\/www.inma.cz\/stavebni-firmy-havlickuv-brod\/","author":{"@type":"Person","@id":"https:\/\/www.inma.cz\/author\/#Person","name":"","url":"https:\/\/www.inma.cz\/author\/","identifier":1,"image":{"@type":"ImageObject","@id":"https:\/\/secure.gravatar.com\/avatar\/40308b9402d145b1dc164f447b6506e9dadca8c8362c3ffb52df95e789c0fd10?s=96&d=mm&r=g","url":"https:\/\/secure.gravatar.com\/avatar\/40308b9402d145b1dc164f447b6506e9dadca8c8362c3ffb52df95e789c0fd10?s=96&d=mm&r=g","height":96,"width":96}},"publisher":{"@type":"Organization","name":"inma.cz","logo":{"@type":"ImageObject","@id":"\/logo.png","url":"\/logo.png","width":600,"height":60}},"image":{"@type":"ImageObject","@id":"https:\/\/www.inma.cz\/wp-content\/uploads\/pr%C3%A1ce%20na%20staveni%C5%A1ti.png","url":"https:\/\/www.inma.cz\/wp-content\/uploads\/pr%C3%A1ce%20na%20staveni%C5%A1ti.png","height":0,"width":0},"keywords":null},{"@type":"Article","@id":"https:\/\/www.inma.cz\/ovladani-chytreho-domu\/","headline":"Ovl\u00e1d\u00e1n\u00ed chytr\u00e9ho domu","url":"https:\/\/www.inma.cz\/ovladani-chytreho-domu\/","datePublished":"2020-09-20","dateModified":"2023-05-02","mainEntityOfPage":"https:\/\/www.inma.cz\/ovladani-chytreho-domu\/","author":{"@type":"Person","@id":"https:\/\/www.inma.cz\/author\/#Person","name":"","url":"https:\/\/www.inma.cz\/author\/","identifier":1,"image":{"@type":"ImageObject","@id":"https:\/\/secure.gravatar.com\/avatar\/40308b9402d145b1dc164f447b6506e9dadca8c8362c3ffb52df95e789c0fd10?s=96&d=mm&r=g","url":"https:\/\/secure.gravatar.com\/avatar\/40308b9402d145b1dc164f447b6506e9dadca8c8362c3ffb52df95e789c0fd10?s=96&d=mm&r=g","height":96,"width":96}},"publisher":{"@type":"Organization","name":"inma.cz","logo":{"@type":"ImageObject","@id":"\/logo.png","url":"\/logo.png","width":600,"height":60}},"image":{"@type":"ImageObject","@id":"https:\/\/www.inma.cz\/wp-content\/uploads\/img_a331029_w2735_t1543421246.jpg","url":"https:\/\/www.inma.cz\/wp-content\/uploads\/img_a331029_w2735_t1543421246.jpg","height":0,"width":0},"keywords":null},{"@type":"Article","@id":"https:\/\/www.inma.cz\/levne-bydleni-bez-vystavby\/","headline":"Levn\u00e9 bydlen\u00ed bez v\u00fdstavby","url":"https:\/\/www.inma.cz\/levne-bydleni-bez-vystavby\/","datePublished":"2020-03-24","dateModified":"2023-05-02","mainEntityOfPage":"https:\/\/www.inma.cz\/levne-bydleni-bez-vystavby\/","author":{"@type":"Person","@id":"https:\/\/www.inma.cz\/author\/#Person","name":"","url":"https:\/\/www.inma.cz\/author\/","identifier":1,"image":{"@type":"ImageObject","@id":"https:\/\/secure.gravatar.com\/avatar\/40308b9402d145b1dc164f447b6506e9dadca8c8362c3ffb52df95e789c0fd10?s=96&d=mm&r=g","url":"https:\/\/secure.gravatar.com\/avatar\/40308b9402d145b1dc164f447b6506e9dadca8c8362c3ffb52df95e789c0fd10?s=96&d=mm&r=g","height":96,"width":96}},"publisher":{"@type":"Organization","name":"inma.cz","logo":{"@type":"ImageObject","@id":"\/logo.png","url":"\/logo.png","width":600,"height":60}},"image":{"@type":"ImageObject","@id":"https:\/\/www.inma.cz\/wp-content\/uploads\/americk%C3%A1%20vlajka.jpg","url":"https:\/\/www.inma.cz\/wp-content\/uploads\/americk%C3%A1%20vlajka.jpg","height":0,"width":0},"keywords":null},{"@type":"Article","@id":"https:\/\/www.inma.cz\/minimalismus-v-byte-vam-pomuze-lepe-relaxovat\/","headline":"Minimalismus v byt\u011b v\u00e1m pom\u016f\u017ee l\u00e9pe relaxovat","url":"https:\/\/www.inma.cz\/minimalismus-v-byte-vam-pomuze-lepe-relaxovat\/","datePublished":"2019-09-04","dateModified":"2023-05-02","mainEntityOfPage":"https:\/\/www.inma.cz\/minimalismus-v-byte-vam-pomuze-lepe-relaxovat\/","author":{"@type":"Person","@id":"https:\/\/www.inma.cz\/author\/#Person","name":"","url":"https:\/\/www.inma.cz\/author\/","identifier":1,"image":{"@type":"ImageObject","@id":"https:\/\/secure.gravatar.com\/avatar\/40308b9402d145b1dc164f447b6506e9dadca8c8362c3ffb52df95e789c0fd10?s=96&d=mm&r=g","url":"https:\/\/secure.gravatar.com\/avatar\/40308b9402d145b1dc164f447b6506e9dadca8c8362c3ffb52df95e789c0fd10?s=96&d=mm&r=g","height":96,"width":96}},"publisher":{"@type":"Organization","name":"inma.cz","logo":{"@type":"ImageObject","@id":"\/logo.png","url":"\/logo.png","width":600,"height":60}},"image":{"@type":"ImageObject","@id":"https:\/\/www.inma.cz\/wp-content\/uploads\/img_a356842_w3040_t1571465137.jpg","url":"https:\/\/www.inma.cz\/wp-content\/uploads\/img_a356842_w3040_t1571465137.jpg","height":0,"width":0},"keywords":null},{"@type":"Article","@id":"https:\/\/www.inma.cz\/dum-a-zahrada\/","headline":"D\u016fm a zahrada","url":"https:\/\/www.inma.cz\/dum-a-zahrada\/","datePublished":"2019-08-02","dateModified":"2023-05-02","mainEntityOfPage":"https:\/\/www.inma.cz\/dum-a-zahrada\/","author":{"@type":"Person","@id":"https:\/\/www.inma.cz\/author\/#Person","name":"","url":"https:\/\/www.inma.cz\/author\/","identifier":1,"image":{"@type":"ImageObject","@id":"https:\/\/secure.gravatar.com\/avatar\/40308b9402d145b1dc164f447b6506e9dadca8c8362c3ffb52df95e789c0fd10?s=96&d=mm&r=g","url":"https:\/\/secure.gravatar.com\/avatar\/40308b9402d145b1dc164f447b6506e9dadca8c8362c3ffb52df95e789c0fd10?s=96&d=mm&r=g","height":96,"width":96}},"publisher":{"@type":"Organization","name":"inma.cz","logo":{"@type":"ImageObject","@id":"\/logo.png","url":"\/logo.png","width":600,"height":60}},"image":{"@type":"ImageObject","@id":"https:\/\/www.inma.cz\/wp-content\/uploads\/img_a352989_w3319_t1567272699.jpg","url":"https:\/\/www.inma.cz\/wp-content\/uploads\/img_a352989_w3319_t1567272699.jpg","height":0,"width":0},"keywords":null},{"@type":"Article","@id":"https:\/\/www.inma.cz\/australska-hypoteka\/","headline":"Australsk\u00e1 hypot\u00e9ka","url":"https:\/\/www.inma.cz\/australska-hypoteka\/","datePublished":"2018-04-04","dateModified":"2023-05-02","mainEntityOfPage":"https:\/\/www.inma.cz\/australska-hypoteka\/","author":{"@type":"Person","@id":"https:\/\/www.inma.cz\/author\/#Person","name":"","url":"https:\/\/www.inma.cz\/author\/","identifier":1,"image":{"@type":"ImageObject","@id":"https:\/\/secure.gravatar.com\/avatar\/40308b9402d145b1dc164f447b6506e9dadca8c8362c3ffb52df95e789c0fd10?s=96&d=mm&r=g","url":"https:\/\/secure.gravatar.com\/avatar\/40308b9402d145b1dc164f447b6506e9dadca8c8362c3ffb52df95e789c0fd10?s=96&d=mm&r=g","height":96,"width":96}},"publisher":{"@type":"Organization","name":"inma.cz","logo":{"@type":"ImageObject","@id":"\/logo.png","url":"\/logo.png","width":600,"height":60}},"image":{"@type":"ImageObject","@id":"https:\/\/www.inma.cz\/wp-content\/uploads\/img_a316241_w2445_t1527160557.jpg","url":"https:\/\/www.inma.cz\/wp-content\/uploads\/img_a316241_w2445_t1527160557.jpg","height":0,"width":0},"keywords":null},{"@type":"Article","@id":"https:\/\/www.inma.cz\/hlinikove-pergoly-jsou-moderni-a-bezudrzbove\/","headline":"Hlin\u00edkov\u00e9 pergoly jsou modern\u00ed a bez\u00fadr\u017ebov\u00e9","url":"https:\/\/www.inma.cz\/hlinikove-pergoly-jsou-moderni-a-bezudrzbove\/","datePublished":"2018-02-02","dateModified":"2023-05-02","mainEntityOfPage":"https:\/\/www.inma.cz\/hlinikove-pergoly-jsou-moderni-a-bezudrzbove\/","author":{"@type":"Person","@id":"https:\/\/www.inma.cz\/author\/#Person","name":"","url":"https:\/\/www.inma.cz\/author\/","identifier":1,"image":{"@type":"ImageObject","@id":"https:\/\/secure.gravatar.com\/avatar\/40308b9402d145b1dc164f447b6506e9dadca8c8362c3ffb52df95e789c0fd10?s=96&d=mm&r=g","url":"https:\/\/secure.gravatar.com\/avatar\/40308b9402d145b1dc164f447b6506e9dadca8c8362c3ffb52df95e789c0fd10?s=96&d=mm&r=g","height":96,"width":96}},"publisher":{"@type":"Organization","name":"inma.cz","logo":{"@type":"ImageObject","@id":"\/logo.png","url":"\/logo.png","width":600,"height":60}},"image":{"@type":"ImageObject","@id":"https:\/\/www.inma.cz\/wp-content\/uploads\/img_a311298_w1693_t1522156603.jpg","url":"https:\/\/www.inma.cz\/wp-content\/uploads\/img_a311298_w1693_t1522156603.jpg","height":0,"width":0},"keywords":null}]}